{"id":37,"date":"2015-02-06T10:24:30","date_gmt":"2015-02-06T09:24:30","guid":{"rendered":"http:\/\/candidati.unica.it\/mariadelzompo\/?p=37"},"modified":"2015-06-25T09:38:26","modified_gmt":"2015-06-25T07:38:26","slug":"la-mia-candidatura","status":"publish","type":"post","link":"https:\/\/candidati.unica.it\/mariadelzompo\/2015\/02\/06\/la-mia-candidatura\/","title":{"rendered":"Progetto UNICA"},"content":{"rendered":"<p><a href=\"http:\/\/candidati.unica.it\/mariadelzompo\/files\/2015\/02\/foto.jpg\"><img loading=\"lazy\" decoding=\"async\" class=\"alignnone size-medium wp-image-231\" src=\"http:\/\/candidati.unica.it\/mariadelzompo\/files\/2015\/02\/foto-218x300.jpg\" alt=\"foto\" width=\"218\" height=\"300\" srcset=\"https:\/\/candidati.unica.it\/mariadelzompo\/files\/2015\/02\/foto-218x300.jpg 218w, https:\/\/candidati.unica.it\/mariadelzompo\/files\/2015\/02\/foto-745x1024.jpg 745w, https:\/\/candidati.unica.it\/mariadelzompo\/files\/2015\/02\/foto.jpg 783w\" sizes=\"auto, (max-width: 218px) 100vw, 218px\" \/><\/a><\/p>\n<p style=\"text-align: justify\"><em>Un forte senso di appartenenza e la voglia di far continuare a crescere la nostra Universit\u00e0 mi spinge, con rinnovato impegno, a scegliere di proporre, per la seconda volta, la mia candidatura alla carica di Rettore.<\/em><\/p>\n<p style=\"text-align: justify\"><em>E\u2019 stata una scelta difficile, sulla quale ho riflettuto a lungo, giacch\u00e9 molte cose sono cambiate, rispetto a cinque anni fa, sia nel contesto sociale che culturale. Sono consapevole, come tutti noi, del difficile momento storico che sta vivendo il nostro Paese &#8211; e l\u2019Europa tutta &#8211; che si riflette pesantemente nell\u2019Universit\u00e0 Italiana e non di meno nel nostro Ateneo.<\/em><\/p>\n<p style=\"text-align: justify\"><em>Accettare la sfida di costruire un futuro positivo in un contesto dai contorni a dir poco incerti, \u00e8 certamente un passo molto impegnativo che va colto in tutta la sua complessit\u00e0. Ma il desiderio di essere parte attiva e proponente affinch\u00e9, con una progettualit\u00e0 fortemente innovativa, il nostro Ateneo possa tener testa a questo momento critico \u00e8 forte e mi accompagna.<\/em><\/p>\n<p style=\"text-align: justify\"><em>L\u2019Ateneo cagliaritano ha antiche origini e vanta una notevole tradizione di studi e, pur con enormi difficolt\u00e0 economiche, \u00e8 riuscito ad affiancare e a sostenere la voglia di crescita della societ\u00e0 sarda puntando, sempre e comunque, a mantenere pi\u00f9 alti possibili i livelli qualitativi sia sul piano della didattica che su quello della ricerca.<\/em><\/p>\n<p style=\"text-align: justify\"><em>Per permettere alla nostra Universit\u00e0 di continuare a svolgere il proprio ruolo ed essere protagonista non solo nel territorio, ma anche a livello internazionale, \u00e8 necessaria una seria e profonda riflessione che insista sulla via del cambiamento considerando nuove sensibilit\u00e0 e nuove esigenze. Nella situazione contingente, avere questi obiettivi significa soprattutto trovare nuove soluzioni per ottimizzare le risorse, senza penalizzare la nostra offerta formativa n\u00e9, tantomeno, la ricerca.<\/em><\/p>\n<p style=\"text-align: justify\"><em>La mia candidatura nasce dall\u2019esigenza di voler mettere a disposizione, in una ottica di servizio, il mio bagaglio di conoscenza e di esperienza, frutto di decenni di appassionato lavoro, per gettare le basi metodologiche ed operative per un rilancio della nostra Universit\u00e0 al fine di evitare che essa venga declassata tra gli <\/em><a href=\"http:\/\/candidati.unica.it\/mariadelzompo\/files\/2015\/02\/Link-A-Universit\u00e0-di-seria-A-e-di-serie-B-1.pdf\"><em>atenei senza premialit\u00e0<\/em><\/a><em> (o Atenei di Servizi).<\/em><\/p>\n<p style=\"text-align: justify\"><em>L\u2019obiettivo di fondo che mi propongo \u00e8 quello di permettere al nostro Ateneo di svolgere sempre meglio la funzione di educare al <\/em><a href=\"http:\/\/candidati.unica.it\/mariadelzompo\/files\/2015\/02\/LinkBpensierocritico-1.pdf\"><em>pensiero critico<\/em><\/a><em> e di far maturare persone competenti e libere, in grado di affrontare situazioni complesse e diverse nel tempo.<\/em><\/p>\n<p style=\"text-align: justify\"><em>Gli incarichi istituzionali finora ricoperti mi hanno permesso di acquisire competenze di gestione e di coordinamento dipartimentale ed interdipartimentale che hanno arricchito e rafforzato quelle legate alla didattica e alla ricerca.<\/em><\/p>\n<p style=\"text-align: justify\"><em>Ho avuto modo di affrontare realt\u00e0 composite, che hanno richiesto attenzione particolare per poter garantire, nel rispetto delle diversit\u00e0 e delle specificit\u00e0, un governo incisivo ed efficiente.<\/em><\/p>\n<p style=\"text-align: justify\"><em>Da qui la convinzione che la chiara percezione dei problemi da parte delle persone e la condivisione delle scelte siano fattori irrinunciabili dell\u2019operare, congiuntamente all\u2019imprescindibile trasparenza del processo decisionale. L\u2019aiuto concreto delle persone di volta in volta coinvolte nei diversi processi affrontati, si riveler\u00e0 cruciale ai fini del conseguimento di un &#8220;buon governo&#8221;.<\/em><\/p>\n<p style=\"text-align: justify\"><em>Ritengo, perci\u00f2, che il rinnovamento e l\u2019ottimizzazione delle risorse in campo debbano passare attraverso una programmazione che, cogliendo tutte le esigenze rappresentate nel nostro Ateneo, coinvolga le diverse realt\u00e0 con precise priorit\u00e0.<\/em><\/p>\n<p style=\"text-align: justify\"><em>La convinzione che dall&#8217;impostazione data oggi dipender\u00e0 il futuro del nostro Ateneo, e in particolare la sua adeguatezza a far parte delle sedi Universitarie che non saranno degradate a semplici \u201catenei di servizi\u201d mi guider\u00e0 nelle scelte da prendere. La considerazione dimostrata dall\u2019 Ateneo nei confronti della mia figura, in termini di capacit\u00e0, credibilit\u00e0, eticit\u00e0 dei comportamenti e spessore culturale, hanno rafforzato la decisione di presentare la mia candidatura<\/em>.<\/p>\n","protected":false},"excerpt":{"rendered":"<p>Un forte senso di appartenenza e la voglia di far continuare a crescere la nostra Universit\u00e0 mi spinge, con rinnovato impegno, a scegliere di proporre, per la seconda volta, la mia candidatura alla carica di Rettore. E\u2019 stata una scelta difficile, sulla quale ho riflettuto a lungo, giacch\u00e9 molte cose sono cambiate, rispetto a cinque &hellip; <a href=\"https:\/\/candidati.unica.it\/mariadelzompo\/2015\/02\/06\/la-mia-candidatura\/\" class=\"more-link\">Continua la lettura di <span class=\"screen-reader-text\">Progetto UNICA<\/span> <span class=\"meta-nav\">&rarr;<\/span><\/a><\/p>\n","protected":false},"author":241,"featured_media":0,"comment_status":"open","ping_status":"open","sticky":false,"template":"","format":"standard","meta":{"footnotes":""},"categories":[1],"tags":[],"class_list":["post-37","post","type-post","status-publish","format-standard","hentry","category-senza-categoria"],"_links":{"self":[{"href":"https:\/\/candidati.unica.it\/mariadelzompo\/wp-json\/wp\/v2\/posts\/37","targetHints":{"allow":["GET"]}}],"collection":[{"href":"https:\/\/candidati.unica.it\/mariadelzompo\/wp-json\/wp\/v2\/posts"}],"about":[{"href":"https:\/\/candidati.unica.it\/mariadelzompo\/wp-json\/wp\/v2\/types\/post"}],"author":[{"embeddable":true,"href":"https:\/\/candidati.unica.it\/mariadelzompo\/wp-json\/wp\/v2\/users\/241"}],"replies":[{"embeddable":true,"href":"https:\/\/candidati.unica.it\/mariadelzompo\/wp-json\/wp\/v2\/comments?post=37"}],"version-history":[{"count":11,"href":"https:\/\/candidati.unica.it\/mariadelzompo\/wp-json\/wp\/v2\/posts\/37\/revisions"}],"predecessor-version":[{"id":327,"href":"https:\/\/candidati.unica.it\/mariadelzompo\/wp-json\/wp\/v2\/posts\/37\/revisions\/327"}],"wp:attachment":[{"href":"https:\/\/candidati.unica.it\/mariadelzompo\/wp-json\/wp\/v2\/media?parent=37"}],"wp:term":[{"taxonomy":"category","embeddable":true,"href":"https:\/\/candidati.unica.it\/mariadelzompo\/wp-json\/wp\/v2\/categories?post=37"},{"taxonomy":"post_tag","embeddable":true,"href":"https:\/\/candidati.unica.it\/mariadelzompo\/wp-json\/wp\/v2\/tags?post=37"}],"curies":[{"name":"wp","href":"https:\/\/api.w.org\/{rel}","templated":true}]}}